{"id":4565,"date":"2026-02-13T10:55:25","date_gmt":"2026-02-13T13:55:25","guid":{"rendered":"https:\/\/abracicon.org\/abracicon_saber\/?p=4565"},"modified":"2026-02-13T16:43:22","modified_gmt":"2026-02-13T19:43:22","slug":"editorial-da-edicao-54","status":"publish","type":"post","link":"https:\/\/abracicon.org\/abracicon_saber\/editorial-da-edicao-54\/","title":{"rendered":"Editorial da Edi\u00e7\u00e3o 54"},"content":{"rendered":"\t\t<div data-elementor-type=\"wp-post\" data-elementor-id=\"4565\" class=\"elementor elementor-4565\" data-elementor-settings=\"{&quot;ha_cmc_init_switcher&quot;:&quot;no&quot;}\">\n\t\t\t\t\t\t<section class=\"elementor-section elementor-top-section elementor-element elementor-element-48ce085 elementor-section-boxed elementor-section-height-default elementor-section-height-default\" data-id=\"48ce085\" data-element_type=\"section\" data-e-type=\"section\" data-settings=\"{&quot;_ha_eqh_enable&quot;:false}\">\n\t\t\t\t\t\t<div class=\"elementor-container elementor-column-gap-default\">\n\t\t\t\t\t<div class=\"elementor-column elementor-col-100 elementor-top-column elementor-element elementor-element-b7f8d78\" data-id=\"b7f8d78\" data-element_type=\"column\" data-e-type=\"column\">\n\t\t\t<div class=\"elementor-widget-wrap elementor-element-populated\">\n\t\t\t\t\t\t<div class=\"elementor-element elementor-element-5c67266 elementor-widget elementor-widget-text-editor\" data-id=\"5c67266\" data-element_type=\"widget\" data-e-type=\"widget\" data-widget_type=\"text-editor.default\">\n\t\t\t\t<div class=\"elementor-widget-container\">\n\t\t\t\t\t\t\t\t\t<p><b><i>Entre pr\u00eamios, debates e fronteiras: um tempo de mais protagonismo cont\u00e1bil nas Academias\u00a0<\/i><\/b><\/p><p>Se algu\u00e9m ainda tinha d\u00favida de que a Ci\u00eancia Cont\u00e1bil vive um de seus momentos mais atuantes e vibrantes, a Abracicon e suas Academias Regionais trataram de responder com a\u00e7\u00f5es concretas, lideran\u00e7a ativa e acontecimentos memor\u00e1veis.\u00a0<\/p><p>E foi, de fato, um trimestre extraordin\u00e1rio. E que trimestre! Por isso, fiz quest\u00e3o de escolher um t\u00edtulo que traduzisse exatamente esse esp\u00edrito para o primeiro editorial do ano da nossa Revista.\u00a0<\/p><p>Com uma agenda intensa e estrategicamente constru\u00edda, a Abracicon mostrou, mais uma vez, que n\u00e3o reconhece fronteiras \u2013 nem geogr\u00e1ficas, nem intelectuais. Do Brasil ao M\u00e9xico, das Academias Regionais aos grandes f\u00f3runs internacionais, a Contabilidade brasileira ocupou seu espa\u00e7o com sabedoria, di\u00e1logo qualificado e uma vis\u00e3o de futuro respons\u00e1vel e integrada. Na Cidade do M\u00e9xico, durante o Ifac Council y Global Connect 2025, tive a honra de levar a voz da Abracicon e Academias a um dos principais palcos globais da profiss\u00e3o.\u00a0<\/p><p>Ali, ao lado de lideran\u00e7as internacionais, refor\u00e7amos uma mensagem essencial: a Contabilidade precisa ser cada vez mais colaborativa, conectada e alinhada aos desafios globais, fortalecendo a governan\u00e7a e a confian\u00e7a p\u00fablica. J\u00e1 em solo nacional, nossa agenda n\u00e3o foi menos intensa.\u00a0<\/p><p>A Confer\u00eancia Nacional de Contabilidade P\u00fablica consolidou-se como espa\u00e7o de reflex\u00e3o t\u00e9cnica e vis\u00e3o estrat\u00e9gica. Reforma tribut\u00e1ria, finan\u00e7as p\u00fablicas e gest\u00e3o f iscal deixaram de ser apenas pautas legislativas para se tornarem discuss\u00f5es estruturantes de nossa profiss\u00e3o cont\u00e1bil. A edi\u00e7\u00e3o tamb\u00e9m destaca transpar\u00eancia e inova\u00e7\u00e3o.\u00a0<\/p><p>O Relato Integrado, tema da 45\u00aa edi\u00e7\u00e3o do Quintas do Saber, evidenciou como o setor p\u00fablico avan\u00e7a na comunica\u00e7\u00e3o de valor, impacto e responsabilidade social. O caro leitor tamb\u00e9m poder\u00e1 contatar neste n\u00famero um outro momento que nos encheu de orgulho: a concess\u00e3o do Pr\u00eamio Saber Cont\u00e1bil \u2013 Abra\u00e7ando Talentos. Mais do que uma premia\u00e7\u00e3o, o evento simboliza nosso compromisso com a pesquisa e com a forma\u00e7\u00e3o de uma nova gera\u00e7\u00e3o de profissionais cr\u00edticos, \u00e9ticos e inovadores. Com profunda gratid\u00e3o, recebi a Ordem do M\u00e9rito Domingos Martins, concedida pela Assembleia Legislativa do Esp\u00edrito Santo.\u00a0<\/p><p>Essa \u00e9 uma honraria que compartilho com todos os que constroem, diariamente, uma Contabilidade forte, \u00e9tica e comprometida com Maria Clara Cavalcante Bugarim Presidente da Abracicon No campo da governan\u00e7a, a nova composi\u00e7\u00e3o do Conselho Federal de Contabilidade evidencia a for\u00e7a da presen\u00e7a acad\u00eamica na condu\u00e7\u00e3o da profiss\u00e3o.\u00a0<\/p><p>A posse do amigo, acad\u00eamico da Abracicon Joaquim de Alencar Bezerra Filho como presidente do CFC para o bi\u00eanio 2026\/2027 simboliza n\u00e3o apenas uma conquista regional (a do Piau\u00ed), mas o amadurecimento de uma classe cada vez mais plural e estrat\u00e9gica. Sua presen\u00e7a ativa na m\u00eddia e em artigos de circula\u00e7\u00e3o nacional refor\u00e7a uma verdade incontest\u00e1vel: a de que Contabilidade ocupa hoje o centro das decis\u00f5es econ\u00f4micas, tribut\u00e1rias e socioambientais do Brasil. Desejo largo sucesso ao novo presidente do CFC e que sua gest\u00e3o seja muito prof\u00edcua e cheia de realiza\u00e7\u00f5es.\u00a0<\/p><p>Com emo\u00e7\u00e3o e elevado senso de responsabilidade, fui nomeada Embaixadora Internacional do CFC. Essa designa\u00e7\u00e3o consolida o movimento de internacionaliza\u00e7\u00e3o e di\u00e1logo global que temos constru\u00eddo ao longo dos anos, representando o reconhecimento de uma trajet\u00f3ria dedicada \u00e0 integra\u00e7\u00e3o, \u00e0 coopera\u00e7\u00e3o institucional e ao fortalecimento da profiss\u00e3o em \u00e2mbito mundial.\u00a0<\/p><p>E nesse mesmo esp\u00edrito de integra\u00e7\u00e3o, lideran\u00e7a e vis\u00e3o de futuro que vivenciamos v\u00e1rios eventos nas nossas Academias Regionais, como o 1\u00ba Acacicon Summit, no Esp\u00edrito Santo; l\u00e1urea concedida pela Apicicon; elei\u00e7\u00e3o e lan\u00e7amento de livro na ASCC; assembleia geral na Acaderncic; participa\u00e7\u00e3o da Accerj na entrega do Oscar da Contabilidade; elei\u00e7\u00e3o na ACCPR, entre outras a\u00e7\u00f5es n\u00e3o menos importantes. E o que une todos esses acontecimentos? Um fio condutor muito claro: a Contabilidade brasileira e nossas Academias est\u00e3o plenamente conscientes de seu papel hist\u00f3rico.\u00a0<\/p><p>Seja na pesquisa acad\u00eamica, na \u00e1rea internacional ou no campo dos temas de interesse, reafirmamos diariamente nossa relev\u00e2ncia t\u00e9cnica, \u00e9tica, estrat\u00e9gica e social. Boa leitura<\/p>\t\t\t\t\t\t\t\t<\/div>\n\t\t\t\t<\/div>\n\t\t\t\t\t<\/div>\n\t\t<\/div>\n\t\t\t\t\t<\/div>\n\t\t<\/section>\n\t\t\t\t<section class=\"elementor-section elementor-top-section elementor-element elementor-element-2bc1f7f animated-fast elementor-section-boxed elementor-section-height-default elementor-section-height-default elementor-invisible\" data-id=\"2bc1f7f\" data-element_type=\"section\" data-e-type=\"section\" data-settings=\"{&quot;background_background&quot;:&quot;classic&quot;,&quot;animation&quot;:&quot;fadeInUp&quot;,&quot;_ha_eqh_enable&quot;:false}\">\n\t\t\t\t\t\t<div class=\"elementor-container elementor-column-gap-default\">\n\t\t\t\t\t<div class=\"elementor-column elementor-col-100 elementor-top-column elementor-element elementor-element-bf099aa\" data-id=\"bf099aa\" data-element_type=\"column\" data-e-type=\"column\">\n\t\t\t<div class=\"elementor-widget-wrap elementor-element-populated\">\n\t\t\t\t\t\t<div class=\"elementor-element elementor-element-5a098b8 elementor-widget elementor-widget-heading\" data-id=\"5a098b8\" data-element_type=\"widget\" data-e-type=\"widget\" data-widget_type=\"heading.default\">\n\t\t\t\t<div class=\"elementor-widget-container\">\n\t\t\t\t\t<h2 class=\"elementor-heading-title elementor-size-default\">Expediente<\/h2>\t\t\t\t<\/div>\n\t\t\t\t<\/div>\n\t\t\t\t<div class=\"elementor-element elementor-element-26191f7 elementor-widget elementor-widget-text-editor\" data-id=\"26191f7\" data-element_type=\"widget\" data-e-type=\"widget\" data-widget_type=\"text-editor.default\">\n\t\t\t\t<div class=\"elementor-widget-container\">\n\t\t\t\t\t\t\t\t\t<p>REVISTA ABRACICON SABER &#8211; ISSN: 2357\/7428<br \/><b>EDI\u00c7\u00c3O N\u00aa 54<\/b>\u00a0\u2013 NOVEMBRO, DEZEMBRO\/2025 E DEZEMBRO DE 2026<\/p>\t\t\t\t\t\t\t\t<\/div>\n\t\t\t\t<\/div>\n\t\t\t\t<div class=\"elementor-element elementor-element-834d911 elementor-widget elementor-widget-text-editor\" data-id=\"834d911\" data-element_type=\"widget\" data-e-type=\"widget\" data-widget_type=\"text-editor.default\">\n\t\t\t\t<div class=\"elementor-widget-container\">\n\t\t\t\t\t\t\t\t\t<p><strong>\u2022 Editor<br \/><\/strong>Academia Brasileira de Ci\u00eancias Cont\u00e1beis (Abracicon)<\/p><p><strong>\u2022 Endere\u00e7o:<br \/><\/strong>SAS &#8211; Quadra 05 &#8211; Bloco J &#8211; Edf. CFC, 4\u00ba andar, CEP: 70070-920 \u2013 Bras\u00edlia (DF)<\/p><p><strong>\u2022 Contato:<br \/><\/strong>(61) 3314-9453<br \/><a href=\"mailto:abraciconsaber@abracicon.org.br\">abraciconsaber@abracicon.org.br<\/a><\/p><p><strong>DIRETORIA DA ABRACICON <\/strong><\/p><p><strong>\u2022 Presidente<br \/><\/strong>Maria Clara Cavalcante Bugarim (AL)<\/p><p><strong>\u2022 Diretor de Administra\u00e7\u00e3o e Finan\u00e7as<br \/><\/strong>Jos\u00e9 Antonio de Fran\u00e7a (DF)<\/p><p><strong>\u2022 Diretora Operacional<br \/><\/strong>Gard\u00eania Maria Braga de Carvalho (PI)<\/p><p><strong>\u2022 Diretor de Ensino e Pesquisa<br \/><\/strong>F\u00e1bio Moraes da Costa (ES)<\/p><p><strong>CONSELHO FISCAL <\/strong><\/p><p><strong>\u2022 Membros efetivos<br \/><\/strong>Irineu De Mula (SP) Presidente<br \/>Jucileide Ferreira Leit\u00e3o (RN) <br \/>Washington Maia Fernandes (MG)<\/p><p><strong>\u2022 Membros suplentes<br \/><\/strong>Lucilene Flor\u00eancio Viana (AM) <br \/>Roberta Carvalho de Alencar (CE) <br \/>Jos\u00e9 Corr\u00eaa de Menezes (AM)<\/p><p><strong>\u2022 Coordenadora do Conselho Editorial <br \/><\/strong>Acad\u00eamica Dra. Gard\u00eania Maria Braga de Carvalho<\/p><p><strong>\u2022 Conselho Editorial<br \/><\/strong>Acad\u00eamico Clovis Belbute Peres <br \/>Acad\u00eamico Elias Dib Caddah Neto &#8211; Ms. <br \/>Acad\u00eamico Jos\u00e9 Antonio de Fran\u00e7a &#8211; Dr.<br \/>Acad\u00eamico Jos\u00e9 Eust\u00e1quio Giovannini &#8211; Ms. <br \/>Acad\u00eamico Vicente Pacheco &#8211; Dr.<br \/>Acad\u00eamico F\u00e1bio Moraes da Costa &#8211; Dr.<\/p><p><strong>\u2022 Revis\u00e3o: <br \/><\/strong>Maria do Carmo N\u00f3brega<\/p><p><strong>\u2022 Colaboradoras: <br \/><\/strong>Fernanda da Silva Costa e <br \/>Luciana Martins da Silva Sousa<\/p><p><strong>\u2022 Projeto Gr\u00e1fico, Reda\u00e7\u00e3o e Diagrama\u00e7\u00e3o:<br \/><\/strong>CQueiroz Comunica\u00e7\u00e3o \u2013 <em><a href=\"https:\/\/cqueiroz.com.br\" target=\"_blank\" rel=\"noopener\">cqueiroz.com.br<\/a><\/em><\/p><p><strong>\u2022 Fotos: <br \/><\/strong>Cedidas pelas Academias Regionais e Abracicon<\/p><hr \/><p><em>Permitida a reprodu\u00e7\u00e3o de qualquer mat\u00e9ria,\u00a0 desde que citada a fonte. Os conceitos emitidos em artigos assinados s\u00e3o de exclusiva responsabilidade de seus autores. <\/em><em><a href=\"http:\/\/www.abracicon.org.br\/\"><strong>www.abracicon.org.br<\/strong><\/a><\/em><\/p>\t\t\t\t\t\t\t\t<\/div>\n\t\t\t\t<\/div>\n\t\t\t\t\t<\/div>\n\t\t<\/div>\n\t\t\t\t\t<\/div>\n\t\t<\/section>\n\t\t\t\t<section class=\"elementor-section elementor-top-section elementor-element elementor-element-03d5bbf elementor-section-boxed elementor-section-height-default elementor-section-height-default\" data-id=\"03d5bbf\" data-element_type=\"section\" data-e-type=\"section\" data-settings=\"{&quot;_ha_eqh_enable&quot;:false}\">\n\t\t\t\t\t\t<div class=\"elementor-container elementor-column-gap-default\">\n\t\t\t\t\t<div class=\"elementor-column elementor-col-100 elementor-top-column elementor-element elementor-element-f3983b0\" data-id=\"f3983b0\" data-element_type=\"column\" data-e-type=\"column\">\n\t\t\t<div class=\"elementor-widget-wrap elementor-element-populated\">\n\t\t\t\t\t\t<div class=\"elementor-element elementor-element-3959cf9 elementor-widget elementor-widget-text-editor\" data-id=\"3959cf9\" data-element_type=\"widget\" data-e-type=\"widget\" data-widget_type=\"text-editor.default\">\n\t\t\t\t<div class=\"elementor-widget-container\">\n\t\t\t\t\t\t\t\t\t<p style=\"text-align: left;\"><span style=\"color: #000000;\">ISSN: 2357\/7428<\/span><\/p>\t\t\t\t\t\t\t\t<\/div>\n\t\t\t\t<\/div>\n\t\t\t\t\t<\/div>\n\t\t<\/div>\n\t\t\t\t\t<\/div>\n\t\t<\/section>\n\t\t\t\t<\/div>\n\t\t","protected":false},"excerpt":{"rendered":"<p>Entre pr\u00eamios, debates e fronteiras: um tempo de mais protagonismo cont\u00e1bil nas Academias\u00a0 Se algu\u00e9m ainda tinha d\u00favida de que a Ci\u00eancia Cont\u00e1bil vive um de seus momentos mais atuantes e vibrantes, a Abracicon e suas Academias Regionais trataram de responder com a\u00e7\u00f5es concretas, lideran\u00e7a ativa e acontecimentos memor\u00e1veis.\u00a0 E foi, de fato, um trimestre [&hellip;]<\/p>\n","protected":false},"author":2,"featured_media":4564,"comment_status":"open","ping_status":"open","sticky":false,"template":"","format":"standard","meta":{"footnotes":""},"categories":[243],"tags":[37],"yst_prominent_words":[],"taxonomy\/academias":[92],"taxonomy\/autores":[95],"taxonomy\/edicoes-revista":[242],"class_list":["post-4565","post","type-post","status-publish","format-standard","has-post-thumbnail","hentry","category-edicao-54","tag-editorial","academias-nacional","autores-maria-clara-cavalcante-bugarim","edicoes-revista-edicao-54"],"_links":{"self":[{"href":"https:\/\/abracicon.org\/abracicon_saber\/wp-json\/wp\/v2\/posts\/4565","targetHints":{"allow":["GET"]}}],"collection":[{"href":"https:\/\/abracicon.org\/abracicon_saber\/wp-json\/wp\/v2\/posts"}],"about":[{"href":"https:\/\/abracicon.org\/abracicon_saber\/wp-json\/wp\/v2\/types\/post"}],"author":[{"embeddable":true,"href":"https:\/\/abracicon.org\/abracicon_saber\/wp-json\/wp\/v2\/users\/2"}],"replies":[{"embeddable":true,"href":"https:\/\/abracicon.org\/abracicon_saber\/wp-json\/wp\/v2\/comments?post=4565"}],"version-history":[{"count":4,"href":"https:\/\/abracicon.org\/abracicon_saber\/wp-json\/wp\/v2\/posts\/4565\/revisions"}],"predecessor-version":[{"id":4569,"href":"https:\/\/abracicon.org\/abracicon_saber\/wp-json\/wp\/v2\/posts\/4565\/revisions\/4569"}],"wp:featuredmedia":[{"embeddable":true,"href":"https:\/\/abracicon.org\/abracicon_saber\/wp-json\/wp\/v2\/media\/4564"}],"wp:attachment":[{"href":"https:\/\/abracicon.org\/abracicon_saber\/wp-json\/wp\/v2\/media?parent=4565"}],"wp:term":[{"taxonomy":"category","embeddable":true,"href":"https:\/\/abracicon.org\/abracicon_saber\/wp-json\/wp\/v2\/categories?post=4565"},{"taxonomy":"post_tag","embeddable":true,"href":"https:\/\/abracicon.org\/abracicon_saber\/wp-json\/wp\/v2\/tags?post=4565"},{"taxonomy":"yst_prominent_words","embeddable":true,"href":"https:\/\/abracicon.org\/abracicon_saber\/wp-json\/wp\/v2\/yst_prominent_words?post=4565"},{"taxonomy":"academias","embeddable":true,"href":"https:\/\/abracicon.org\/abracicon_saber\/wp-json\/wp\/v2\/taxonomy\/academias?post=4565"},{"taxonomy":"autores","embeddable":true,"href":"https:\/\/abracicon.org\/abracicon_saber\/wp-json\/wp\/v2\/taxonomy\/autores?post=4565"},{"taxonomy":"edicoes-revista","embeddable":true,"href":"https:\/\/abracicon.org\/abracicon_saber\/wp-json\/wp\/v2\/taxonomy\/edicoes-revista?post=4565"}],"curies":[{"name":"wp","href":"https:\/\/api.w.org\/{rel}","templated":true}]}}