{"id":4607,"date":"2026-02-13T10:30:05","date_gmt":"2026-02-13T13:30:05","guid":{"rendered":"https:\/\/abracicon.org\/abracicon_saber\/?p=4607"},"modified":"2026-04-23T18:06:05","modified_gmt":"2026-04-23T21:06:05","slug":"governanca-territorial-a-efetividade-da-aplicacao-dos-recursos-publicos-no-projeto-territorios-sustentaveis-no-estado-do-para","status":"publish","type":"post","link":"https:\/\/abracicon.org\/abracicon_saber\/governanca-territorial-a-efetividade-da-aplicacao-dos-recursos-publicos-no-projeto-territorios-sustentaveis-no-estado-do-para\/","title":{"rendered":"Governan\u00e7a territorial: a efetividade da aplica\u00e7\u00e3o dos recursos p\u00fablicos no projeto territ\u00f3rios sustent\u00e1veis no Estado do Par\u00e1"},"content":{"rendered":"\t\t<div data-elementor-type=\"wp-post\" data-elementor-id=\"4607\" class=\"elementor elementor-4607\" data-elementor-settings=\"{&quot;ha_cmc_init_switcher&quot;:&quot;no&quot;}\">\n\t\t\t\t\t\t<section class=\"elementor-section elementor-top-section elementor-element elementor-element-4c8a9f7 elementor-section-full_width elementor-section-height-default elementor-section-height-default\" data-id=\"4c8a9f7\" data-element_type=\"section\" data-e-type=\"section\" data-settings=\"{&quot;background_background&quot;:&quot;gradient&quot;,&quot;_ha_eqh_enable&quot;:false}\">\n\t\t\t\t\t\t<div class=\"elementor-container elementor-column-gap-default\">\n\t\t\t\t\t<div class=\"elementor-column elementor-col-100 elementor-top-column elementor-element elementor-element-d87a425\" data-id=\"d87a425\" data-element_type=\"column\" data-e-type=\"column\">\n\t\t\t<div class=\"elementor-widget-wrap elementor-element-populated\">\n\t\t\t\t\t\t<div class=\"elementor-element elementor-element-87d9d82 elementor-widget elementor-widget-image\" data-id=\"87d9d82\" data-element_type=\"widget\" data-e-type=\"widget\" data-widget_type=\"image.default\">\n\t\t\t\t<div class=\"elementor-widget-container\">\n\t\t\t\t\t\t\t\t\t\t\t\t\t\t\t<img fetchpriority=\"high\" decoding=\"async\" width=\"1024\" height=\"239\" src=\"https:\/\/abracicon.org\/abracicon_saber\/wp-content\/uploads\/2026\/02\/Cabecalho-em-Portugues-Ed-54-Abracicon-Saber-1024x239.jpg\" class=\"attachment-large size-large wp-image-4562\" alt=\"\" srcset=\"https:\/\/abracicon.org\/abracicon_saber\/wp-content\/uploads\/2026\/02\/Cabecalho-em-Portugues-Ed-54-Abracicon-Saber-1024x239.jpg 1024w, https:\/\/abracicon.org\/abracicon_saber\/wp-content\/uploads\/2026\/02\/Cabecalho-em-Portugues-Ed-54-Abracicon-Saber-300x70.jpg 300w, https:\/\/abracicon.org\/abracicon_saber\/wp-content\/uploads\/2026\/02\/Cabecalho-em-Portugues-Ed-54-Abracicon-Saber-768x179.jpg 768w, https:\/\/abracicon.org\/abracicon_saber\/wp-content\/uploads\/2026\/02\/Cabecalho-em-Portugues-Ed-54-Abracicon-Saber.jpg 1080w\" sizes=\"(max-width: 1024px) 100vw, 1024px\" \/>\t\t\t\t\t\t\t\t\t\t\t\t\t\t\t<\/div>\n\t\t\t\t<\/div>\n\t\t\t\t\t<\/div>\n\t\t<\/div>\n\t\t\t\t\t<\/div>\n\t\t<\/section>\n\t\t\t\t<section class=\"elementor-section elementor-top-section elementor-element elementor-element-fbce82f elementor-section-boxed elementor-section-height-default elementor-section-height-default\" data-id=\"fbce82f\" data-element_type=\"section\" data-e-type=\"section\" data-settings=\"{&quot;_ha_eqh_enable&quot;:false}\">\n\t\t\t\t\t\t<div class=\"elementor-container elementor-column-gap-default\">\n\t\t\t\t\t<div class=\"elementor-column elementor-col-100 elementor-top-column elementor-element elementor-element-5f06cd1\" data-id=\"5f06cd1\" data-element_type=\"column\" data-e-type=\"column\">\n\t\t\t<div class=\"elementor-widget-wrap elementor-element-populated\">\n\t\t\t\t\t\t<div class=\"elementor-element elementor-element-2bf11db elementor-widget elementor-widget-text-editor\" data-id=\"2bf11db\" data-element_type=\"widget\" data-e-type=\"widget\" data-widget_type=\"text-editor.default\">\n\t\t\t\t<div class=\"elementor-widget-container\">\n\t\t\t\t\t\t\t\t\t<p data-start=\"183\" data-end=\"200\"><b>RESUMO\u00a0<\/b><\/p><p data-start=\"183\" data-end=\"200\">O artigo analisa a rela\u00e7\u00e3o entre governan\u00e7a territorial e efetividade na aplica\u00e7\u00e3o dos recursos p\u00fablicos no Estado do Par\u00e1, destacando como os arranjos institucionais influenciam a efici\u00eancia e a equidade na gest\u00e3o p\u00fablica em contextos amaz\u00f4nicos.\u00a0<\/p><p data-start=\"183\" data-end=\"200\">Fundamentado em revis\u00e3o bibliogr\u00e1fica narrativa, o estudo discute a import\u00e2ncia dos instrumentos de governan\u00e7a \u2014 cons\u00f3rcios intermunicipais, conselhos, planos diretores e pactua\u00e7\u00f5es interfederativas \u2014 como mecanismos de coordena\u00e7\u00e3o e coopera\u00e7\u00e3o entre entes federativos.\u00a0<\/p><p data-start=\"183\" data-end=\"200\">Os resultados indicam que munic\u00edpios com maior grau de institucionaliza\u00e7\u00e3o da governan\u00e7a apresentam \u00edndices superiores de execu\u00e7\u00e3o or\u00e7ament\u00e1ria e melhor desempenho em pol\u00edticas de sa\u00fade, meio ambiente e desenvolvimento sustent\u00e1vel.\u00a0<\/p><p data-start=\"183\" data-end=\"200\">Identificam-se, contudo, entraves como a descontinuidade administrativa, a baixa qualifica\u00e7\u00e3o t\u00e9cnica e a aus\u00eancia de cultura cooperativa.\u00a0<\/p><p data-start=\"183\" data-end=\"200\">A pesquisa destaca a Lei Estadual n.\u00ba 10.167\/2023, que institui o Projeto Valoriza Territ\u00f3rios Sustent\u00e1veis, como pol\u00edtica inovadora de fomento \u00e0 governan\u00e7a baseada em crit\u00e9rios de sustentabilidade e desempenho institucional.\u00a0<\/p><p data-start=\"183\" data-end=\"200\"><b>Palavras-chave:<\/b> Governan\u00e7a Territorial; Execu\u00e7\u00e3o Or\u00e7ament\u00e1ria e Financeira; Efetividade do Gasto P\u00fablico. Estado do Par\u00e1.<\/p>\t\t\t\t\t\t\t\t<\/div>\n\t\t\t\t<\/div>\n\t\t\t\t\t<\/div>\n\t\t<\/div>\n\t\t\t\t\t<\/div>\n\t\t<\/section>\n\t\t\t\t<section class=\"elementor-section elementor-top-section elementor-element elementor-element-ad76cea elementor-section-boxed elementor-section-height-default elementor-section-height-default\" data-id=\"ad76cea\" data-element_type=\"section\" data-e-type=\"section\" data-settings=\"{&quot;_ha_eqh_enable&quot;:false}\">\n\t\t\t\t\t\t<div class=\"elementor-container elementor-column-gap-default\">\n\t\t\t\t\t<div class=\"elementor-column elementor-col-100 elementor-top-column elementor-element elementor-element-ec41cd2\" data-id=\"ec41cd2\" data-element_type=\"column\" data-e-type=\"column\">\n\t\t\t<div class=\"elementor-widget-wrap elementor-element-populated\">\n\t\t\t\t\t\t<div class=\"elementor-element elementor-element-1a1b82b elementor-widget-divider--view-line elementor-widget elementor-widget-divider\" data-id=\"1a1b82b\" data-element_type=\"widget\" data-e-type=\"widget\" data-widget_type=\"divider.default\">\n\t\t\t\t<div class=\"elementor-widget-container\">\n\t\t\t\t\t\t\t<div class=\"elementor-divider\">\n\t\t\t<span class=\"elementor-divider-separator\">\n\t\t\t\t\t\t<\/span>\n\t\t<\/div>\n\t\t\t\t\t\t<\/div>\n\t\t\t\t<\/div>\n\t\t\t\t\t<\/div>\n\t\t<\/div>\n\t\t\t\t\t<\/div>\n\t\t<\/section>\n\t\t\t\t<section class=\"elementor-section elementor-top-section elementor-element elementor-element-50fcdaa elementor-section-boxed elementor-section-height-default elementor-section-height-default\" data-id=\"50fcdaa\" data-element_type=\"section\" data-e-type=\"section\" data-settings=\"{&quot;_ha_eqh_enable&quot;:false}\">\n\t\t\t\t\t\t<div class=\"elementor-container elementor-column-gap-default\">\n\t\t\t\t\t<div class=\"elementor-column elementor-col-100 elementor-top-column elementor-element elementor-element-656cbf9\" data-id=\"656cbf9\" data-element_type=\"column\" data-e-type=\"column\">\n\t\t\t<div class=\"elementor-widget-wrap elementor-element-populated\">\n\t\t\t\t\t\t<div class=\"elementor-element elementor-element-6868255 elementor-widget elementor-widget-text-editor\" data-id=\"6868255\" data-element_type=\"widget\" data-e-type=\"widget\" data-widget_type=\"text-editor.default\">\n\t\t\t\t<div class=\"elementor-widget-container\">\n\t\t\t\t\t\t\t\t\t<p><strong>Artigo na \u00edntegra<\/strong><\/p>\t\t\t\t\t\t\t\t<\/div>\n\t\t\t\t<\/div>\n\t\t\t\t<div class=\"elementor-element elementor-element-8607c3b elementor-widget elementor-widget-html\" data-id=\"8607c3b\" data-element_type=\"widget\" data-e-type=\"widget\" data-widget_type=\"html.default\">\n\t\t\t\t<div class=\"elementor-widget-container\">\n\t\t\t\t\t<iframe src=\"https:\/\/abracicon.org\/abracicon_saber\/wp-content\/uploads\/2026\/04\/4-Governanca-territorial-a-efetividade-da-aplicacao-dos-recursos-publicos-no-projeto-territorios-sustentaveis-no-Estado-do-Para.pdf\" width=\"100%\" height=\"850px\" style=\"border: none;\"><\/iframe>\t\t\t\t<\/div>\n\t\t\t\t<\/div>\n\t\t\t\t\t<\/div>\n\t\t<\/div>\n\t\t\t\t\t<\/div>\n\t\t<\/section>\n\t\t\t\t<\/div>\n\t\t","protected":false},"excerpt":{"rendered":"<p>RESUMO\u00a0 O artigo analisa a rela\u00e7\u00e3o entre governan\u00e7a territorial e efetividade na aplica\u00e7\u00e3o dos recursos p\u00fablicos no Estado do Par\u00e1, destacando como os arranjos institucionais influenciam a efici\u00eancia e a equidade na gest\u00e3o p\u00fablica em contextos amaz\u00f4nicos.\u00a0 Fundamentado em revis\u00e3o bibliogr\u00e1fica narrativa, o estudo discute a import\u00e2ncia dos instrumentos de governan\u00e7a \u2014 cons\u00f3rcios intermunicipais, conselhos, [&hellip;]<\/p>\n","protected":false},"author":2,"featured_media":4606,"comment_status":"closed","ping_status":"closed","sticky":false,"template":"","format":"standard","meta":{"footnotes":""},"categories":[243],"tags":[85],"yst_prominent_words":[],"taxonomy\/academias":[92],"taxonomy\/autores":[],"taxonomy\/edicoes-revista":[242],"class_list":["post-4607","post","type-post","status-publish","format-standard","has-post-thumbnail","hentry","category-edicao-54","tag-atualidades","academias-nacional","edicoes-revista-edicao-54"],"_links":{"self":[{"href":"https:\/\/abracicon.org\/abracicon_saber\/wp-json\/wp\/v2\/posts\/4607","targetHints":{"allow":["GET"]}}],"collection":[{"href":"https:\/\/abracicon.org\/abracicon_saber\/wp-json\/wp\/v2\/posts"}],"about":[{"href":"https:\/\/abracicon.org\/abracicon_saber\/wp-json\/wp\/v2\/types\/post"}],"author":[{"embeddable":true,"href":"https:\/\/abracicon.org\/abracicon_saber\/wp-json\/wp\/v2\/users\/2"}],"replies":[{"embeddable":true,"href":"https:\/\/abracicon.org\/abracicon_saber\/wp-json\/wp\/v2\/comments?post=4607"}],"version-history":[{"count":4,"href":"https:\/\/abracicon.org\/abracicon_saber\/wp-json\/wp\/v2\/posts\/4607\/revisions"}],"predecessor-version":[{"id":4611,"href":"https:\/\/abracicon.org\/abracicon_saber\/wp-json\/wp\/v2\/posts\/4607\/revisions\/4611"}],"wp:featuredmedia":[{"embeddable":true,"href":"https:\/\/abracicon.org\/abracicon_saber\/wp-json\/wp\/v2\/media\/4606"}],"wp:attachment":[{"href":"https:\/\/abracicon.org\/abracicon_saber\/wp-json\/wp\/v2\/media?parent=4607"}],"wp:term":[{"taxonomy":"category","embeddable":true,"href":"https:\/\/abracicon.org\/abracicon_saber\/wp-json\/wp\/v2\/categories?post=4607"},{"taxonomy":"post_tag","embeddable":true,"href":"https:\/\/abracicon.org\/abracicon_saber\/wp-json\/wp\/v2\/tags?post=4607"},{"taxonomy":"yst_prominent_words","embeddable":true,"href":"https:\/\/abracicon.org\/abracicon_saber\/wp-json\/wp\/v2\/yst_prominent_words?post=4607"},{"taxonomy":"academias","embeddable":true,"href":"https:\/\/abracicon.org\/abracicon_saber\/wp-json\/wp\/v2\/taxonomy\/academias?post=4607"},{"taxonomy":"autores","embeddable":true,"href":"https:\/\/abracicon.org\/abracicon_saber\/wp-json\/wp\/v2\/taxonomy\/autores?post=4607"},{"taxonomy":"edicoes-revista","embeddable":true,"href":"https:\/\/abracicon.org\/abracicon_saber\/wp-json\/wp\/v2\/taxonomy\/edicoes-revista?post=4607"}],"curies":[{"name":"wp","href":"https:\/\/api.w.org\/{rel}","templated":true}]}}