{"id":4629,"date":"2026-02-13T10:20:32","date_gmt":"2026-02-13T13:20:32","guid":{"rendered":"https:\/\/abracicon.org\/abracicon_saber\/?p=4629"},"modified":"2026-04-23T18:50:52","modified_gmt":"2026-04-23T21:50:52","slug":"entrevista-com-haroldo-santos-filho","status":"publish","type":"post","link":"https:\/\/abracicon.org\/abracicon_saber\/entrevista-com-haroldo-santos-filho\/","title":{"rendered":"Entrevista com Haroldo Santos Filho"},"content":{"rendered":"\t\t<div data-elementor-type=\"wp-post\" data-elementor-id=\"4629\" class=\"elementor elementor-4629\" data-elementor-settings=\"{&quot;ha_cmc_init_switcher&quot;:&quot;no&quot;}\">\n\t\t\t\t\t\t<section class=\"elementor-section elementor-top-section elementor-element elementor-element-4c8a9f7 elementor-section-full_width elementor-section-height-default elementor-section-height-default\" data-id=\"4c8a9f7\" data-element_type=\"section\" data-e-type=\"section\" data-settings=\"{&quot;background_background&quot;:&quot;gradient&quot;,&quot;_ha_eqh_enable&quot;:false}\">\n\t\t\t\t\t\t<div class=\"elementor-container elementor-column-gap-default\">\n\t\t\t\t\t<div class=\"elementor-column elementor-col-100 elementor-top-column elementor-element elementor-element-d87a425\" data-id=\"d87a425\" data-element_type=\"column\" data-e-type=\"column\">\n\t\t\t<div class=\"elementor-widget-wrap elementor-element-populated\">\n\t\t\t\t\t\t<div class=\"elementor-element elementor-element-87d9d82 elementor-widget elementor-widget-image\" data-id=\"87d9d82\" data-element_type=\"widget\" data-e-type=\"widget\" data-widget_type=\"image.default\">\n\t\t\t\t<div class=\"elementor-widget-container\">\n\t\t\t\t\t\t\t\t\t\t\t\t\t\t\t<img fetchpriority=\"high\" decoding=\"async\" width=\"1024\" height=\"239\" src=\"https:\/\/abracicon.org\/abracicon_saber\/wp-content\/uploads\/2026\/02\/Cabecalho-em-Portugues-Ed-54-Abracicon-Saber-1024x239.jpg\" class=\"attachment-large size-large wp-image-4562\" alt=\"\" srcset=\"https:\/\/abracicon.org\/abracicon_saber\/wp-content\/uploads\/2026\/02\/Cabecalho-em-Portugues-Ed-54-Abracicon-Saber-1024x239.jpg 1024w, https:\/\/abracicon.org\/abracicon_saber\/wp-content\/uploads\/2026\/02\/Cabecalho-em-Portugues-Ed-54-Abracicon-Saber-300x70.jpg 300w, https:\/\/abracicon.org\/abracicon_saber\/wp-content\/uploads\/2026\/02\/Cabecalho-em-Portugues-Ed-54-Abracicon-Saber-768x179.jpg 768w, https:\/\/abracicon.org\/abracicon_saber\/wp-content\/uploads\/2026\/02\/Cabecalho-em-Portugues-Ed-54-Abracicon-Saber.jpg 1080w\" sizes=\"(max-width: 1024px) 100vw, 1024px\" \/>\t\t\t\t\t\t\t\t\t\t\t\t\t\t\t<\/div>\n\t\t\t\t<\/div>\n\t\t\t\t\t<\/div>\n\t\t<\/div>\n\t\t\t\t\t<\/div>\n\t\t<\/section>\n\t\t\t\t<section class=\"elementor-section elementor-top-section elementor-element elementor-element-fbce82f elementor-section-boxed elementor-section-height-default elementor-section-height-default\" data-id=\"fbce82f\" data-element_type=\"section\" data-e-type=\"section\" data-settings=\"{&quot;_ha_eqh_enable&quot;:false}\">\n\t\t\t\t\t\t<div class=\"elementor-container elementor-column-gap-default\">\n\t\t\t\t\t<div class=\"elementor-column elementor-col-100 elementor-top-column elementor-element elementor-element-5f06cd1\" data-id=\"5f06cd1\" data-element_type=\"column\" data-e-type=\"column\">\n\t\t\t<div class=\"elementor-widget-wrap elementor-element-populated\">\n\t\t\t\t\t\t<div class=\"elementor-element elementor-element-2bf11db elementor-widget elementor-widget-text-editor\" data-id=\"2bf11db\" data-element_type=\"widget\" data-e-type=\"widget\" data-widget_type=\"text-editor.default\">\n\t\t\t\t<div class=\"elementor-widget-container\">\n\t\t\t\t\t\t\t\t\t<p><em><strong>Presidente da Academia Capixaba de Ci\u00eancias Cont\u00e1beis (Acacicon)<\/strong><\/em><\/p>\t\t\t\t\t\t\t\t<\/div>\n\t\t\t\t<\/div>\n\t\t\t\t<div class=\"elementor-element elementor-element-d341eb5 elementor-widget__width-initial elementor-widget elementor-widget-text-editor\" data-id=\"d341eb5\" data-element_type=\"widget\" data-e-type=\"widget\" data-widget_type=\"text-editor.default\">\n\t\t\t\t<div class=\"elementor-widget-container\">\n\t\t\t\t\t\t\t\t\t<article><p><b>\u00c0 frente da Academia Capixaba de Ci\u00eancias Cont\u00e1beis, quais t\u00eam sido os principais desafios e conquistas da sua gest\u00e3o, especialmente no fortalecimento do papel acad\u00eamico da institui\u00e7\u00e3o no Esp\u00edrito Santo?\u00a0<\/b><\/p><p>O maior desafio tem sido fazer a ACACICON \u201cacontecer\u201d de forma cont\u00ednua: engajar acad\u00eamicos, aproximar universidades, produzir conte\u00fado com m\u00e9todo (e n\u00e3o s\u00f3 eventos) e manter uma governan\u00e7a simples, mas s\u00f3lida, para dar previsibilidade \u00e0s a\u00e7\u00f5es. Nas conquistas, destaco a consolida\u00e7\u00e3o de uma agenda com densidade t\u00e9cnica \u2014 com o ACACICON Summit como vitrine \u2014, o avan\u00e7o de parcerias institucionais e o fortalecimento da identidade acad\u00eamica, preservando mem\u00f3ria sem perder o foco no futuro. No fim, eu gosto de resumir assim: academia de verdade n\u00e3o \u00e9 palco; \u00e9 legado com entrega recorrente.<\/p><p><b>Sua trajet\u00f3ria re\u00fane experi\u00eancias na contabilidade, no direito, na gest\u00e3o empresarial e na administra\u00e7\u00e3o p\u00fablica. De que forma essa atua\u00e7\u00e3o multidisciplinar contribui para a condu\u00e7\u00e3o da ACACICON e para o desenvolvimento da classe cont\u00e1bil?<\/b>\u00a0<\/p><p>Hoje a contabilidade \u00e9 um ponto de encontro entre gest\u00e3o, direito, governan\u00e7a e tecnologia. Minha atua\u00e7\u00e3o multidisciplinar ajuda a conduzir a ACACICON com rigor acad\u00eamico, mas com aplicabilidade: escolher pautas que doem no dia a dia do profissional, elevar o n\u00edvel do debate sem perder clareza e aproximar a Academia do mercado e das institui\u00e7\u00f5es. Isso contribui para formar um contador mais completo: t\u00e9cnico, estrat\u00e9gico, \u00e9tico e preparado para decis\u00f5es que impactam a sociedade. E tem uma ideia que eu carrego: conhecimento que n\u00e3o vira pr\u00e1tica vira enfeite \u2014 e a contabilidade n\u00e3o nasceu para enfeitar.<\/p><p><b style=\"background-color: rgba(0, 0, 0, 0);\">Como conselheiro do CFC e atual vice-presidente de Governan\u00e7a e Gest\u00e3o Estrat\u00e9gica, como voc\u00ea enxerga a import\u00e2ncia da integra\u00e7\u00e3o entre as Academias Estaduais e o Sistema CFC\/CRCs para o avan\u00e7o institucional da profiss\u00e3o?\u00a0<\/b><\/p><p>Eu enxergo como estrat\u00e9gica. As Academias podem ser n\u00facleos de pensamento, mem\u00f3ria e produ\u00e7\u00e3o t\u00e9cnica, ajudando o Sistema a ganhar profundidade: mais base conceitual, mais pesquisa aplicada e mais consist\u00eancia nas pautas institucionais. Quando Academia e Sistema caminham juntos, a profiss\u00e3o ganha unidade, autoridade t\u00e9cnica e legitimidade social \u2014 e isso melhora a imagem do contador e a qualidade do servi\u00e7o entregue ao pa\u00eds. Em outras palavras: institui\u00e7\u00e3o forte n\u00e3o se faz s\u00f3 com normas \u2014 se faz com ideias, m\u00e9todo e coer\u00eancia.<\/p><p><b>Em um cen\u00e1rio marcado por transforma\u00e7\u00e3o digital, intelig\u00eancia artificial e demandas crescentes por sustentabilidade e transpar\u00eancia, qual deve ser o papel das Academias na prepara\u00e7\u00e3o dos profissionais para esses novos desafios?\u00a0<\/b><\/p><p>As Academias precisam ser curadoras do essencial. IA e transforma\u00e7\u00e3o digital j\u00e1 s\u00e3o infraestrutura do trabalho cont\u00e1bil; sustentabilidade e transpar\u00eancia viraram requisito, n\u00e3o discurso. O papel acad\u00eamico \u00e9 preparar o profissional em tr\u00eas camadas: compet\u00eancia t\u00e9cnica atualizada (dados, automa\u00e7\u00e3o, controles), \u00e9tica e governan\u00e7a no uso respons\u00e1vel da tecnologia, e vis\u00e3o de reporte transparente alinhada \u00e0s novas exig\u00eancias do mercado e da sociedade. E eu resumo de forma direta: o futuro n\u00e3o vai substituir o contador \u2014 vai substituir o contador que n\u00e3o evolui.<\/p><p><b>A ACACICON tem promovido iniciativas relevantes de valoriza\u00e7\u00e3o da hist\u00f3ria e da mem\u00f3ria cont\u00e1bil, como a recente entrega de medalhas de m\u00e9rito a autoridades e profissionais da \u00e1rea durante o ACACICON Summit. Como voc\u00ea avalia a import\u00e2ncia dessas homenagens para o fortalecimento institucional da profiss\u00e3o e para a preserva\u00e7\u00e3o da identidade da contabilidade capixaba e nacional?\u00a0<\/b><\/p><p>Essas homenagens t\u00eam um valor institucional enorme. Reconhecer trajet\u00f3rias e contribui\u00e7\u00f5es n\u00e3o \u00e9 formalidade: \u00e9 constru\u00e7\u00e3o de identidade, refer\u00eancia e pertencimento. Isso conecta gera\u00e7\u00f5es, refor\u00e7a valores e mostra \u00e0 sociedade que a contabilidade tem hist\u00f3ria, m\u00e9todo e compromisso p\u00fablico. Preservar mem\u00f3ria n\u00e3o \u00e9 olhar para tr\u00e1s por saudade; \u00e9 proteger as ra\u00edzes para sustentar o pr\u00f3ximo salto da profiss\u00e3o. Por isso eu digo: sem mem\u00f3ria, a profiss\u00e3o perde raiz \u2014 e sem raiz, nenhuma institui\u00e7\u00e3o fica de p\u00e9.<\/p><\/article>\t\t\t\t\t\t\t\t<\/div>\n\t\t\t\t<\/div>\n\t\t\t\t<div class=\"elementor-element elementor-element-842cd9f elementor-widget__width-initial elementor-widget elementor-widget-text-editor\" data-id=\"842cd9f\" data-element_type=\"widget\" data-e-type=\"widget\" data-widget_type=\"text-editor.default\">\n\t\t\t\t<div class=\"elementor-widget-container\">\n\t\t\t\t\t\t\t\t\t<article><p><i>Haroldo Santos Filho \u00e9 contador e advogado, com especializa\u00e7\u00f5es em Contabilidade Gerencial e Tribut\u00e1ria e em Direito Tribut\u00e1rio, al\u00e9m de mestre em Administra\u00e7\u00e3o Financeira. \u00c9 presidente da Academia Capixaba de Ci\u00eancias Cont\u00e1beis (ACACICON) e foi presidente do Conselho Regional de Contabilidade do Esp\u00edrito Santo (CRCES). Atualmente, \u00e9 conselheiro do CFC e exerce o cargo de vicepresidente de Governan\u00e7a e Gest\u00e3o Estrat\u00e9gica. Atua como empres\u00e1rio nas \u00e1reas cont\u00e1bil e jur\u00eddica, com trajet\u00f3ria marcada pela lideran\u00e7a institucional e pelo fortalecimento da classe cont\u00e1bil<\/i><\/p><\/article>\t\t\t\t\t\t\t\t<\/div>\n\t\t\t\t<\/div>\n\t\t\t\t\t<\/div>\n\t\t<\/div>\n\t\t\t\t\t<\/div>\n\t\t<\/section>\n\t\t\t\t<\/div>\n\t\t","protected":false},"excerpt":{"rendered":"<p>Presidente da Academia Capixaba de Ci\u00eancias Cont\u00e1beis (Acacicon) \u00c0 frente da Academia Capixaba de Ci\u00eancias Cont\u00e1beis, quais t\u00eam sido os principais desafios e conquistas da sua gest\u00e3o, especialmente no fortalecimento do papel acad\u00eamico da institui\u00e7\u00e3o no Esp\u00edrito Santo?\u00a0 O maior desafio tem sido fazer a ACACICON \u201cacontecer\u201d de forma cont\u00ednua: engajar acad\u00eamicos, aproximar universidades, produzir [&hellip;]<\/p>\n","protected":false},"author":2,"featured_media":4628,"comment_status":"closed","ping_status":"closed","sticky":false,"template":"","format":"standard","meta":{"footnotes":""},"categories":[243],"tags":[49],"yst_prominent_words":[],"taxonomy\/academias":[92],"taxonomy\/autores":[],"taxonomy\/edicoes-revista":[242],"class_list":["post-4629","post","type-post","status-publish","format-standard","has-post-thumbnail","hentry","category-edicao-54","tag-conversa-afinada","academias-nacional","edicoes-revista-edicao-54"],"_links":{"self":[{"href":"https:\/\/abracicon.org\/abracicon_saber\/wp-json\/wp\/v2\/posts\/4629","targetHints":{"allow":["GET"]}}],"collection":[{"href":"https:\/\/abracicon.org\/abracicon_saber\/wp-json\/wp\/v2\/posts"}],"about":[{"href":"https:\/\/abracicon.org\/abracicon_saber\/wp-json\/wp\/v2\/types\/post"}],"author":[{"embeddable":true,"href":"https:\/\/abracicon.org\/abracicon_saber\/wp-json\/wp\/v2\/users\/2"}],"replies":[{"embeddable":true,"href":"https:\/\/abracicon.org\/abracicon_saber\/wp-json\/wp\/v2\/comments?post=4629"}],"version-history":[{"count":4,"href":"https:\/\/abracicon.org\/abracicon_saber\/wp-json\/wp\/v2\/posts\/4629\/revisions"}],"predecessor-version":[{"id":4633,"href":"https:\/\/abracicon.org\/abracicon_saber\/wp-json\/wp\/v2\/posts\/4629\/revisions\/4633"}],"wp:featuredmedia":[{"embeddable":true,"href":"https:\/\/abracicon.org\/abracicon_saber\/wp-json\/wp\/v2\/media\/4628"}],"wp:attachment":[{"href":"https:\/\/abracicon.org\/abracicon_saber\/wp-json\/wp\/v2\/media?parent=4629"}],"wp:term":[{"taxonomy":"category","embeddable":true,"href":"https:\/\/abracicon.org\/abracicon_saber\/wp-json\/wp\/v2\/categories?post=4629"},{"taxonomy":"post_tag","embeddable":true,"href":"https:\/\/abracicon.org\/abracicon_saber\/wp-json\/wp\/v2\/tags?post=4629"},{"taxonomy":"yst_prominent_words","embeddable":true,"href":"https:\/\/abracicon.org\/abracicon_saber\/wp-json\/wp\/v2\/yst_prominent_words?post=4629"},{"taxonomy":"academias","embeddable":true,"href":"https:\/\/abracicon.org\/abracicon_saber\/wp-json\/wp\/v2\/taxonomy\/academias?post=4629"},{"taxonomy":"autores","embeddable":true,"href":"https:\/\/abracicon.org\/abracicon_saber\/wp-json\/wp\/v2\/taxonomy\/autores?post=4629"},{"taxonomy":"edicoes-revista","embeddable":true,"href":"https:\/\/abracicon.org\/abracicon_saber\/wp-json\/wp\/v2\/taxonomy\/edicoes-revista?post=4629"}],"curies":[{"name":"wp","href":"https:\/\/api.w.org\/{rel}","templated":true}]}}